{"id":5507,"date":"2026-04-29T11:51:57","date_gmt":"2026-04-29T09:51:57","guid":{"rendered":"https:\/\/gbpgorzyce.pl\/?p=5507"},"modified":"2026-04-29T11:51:58","modified_gmt":"2026-04-29T09:51:58","slug":"spotkanie-autorskie-z-michalem-smielakiem-2","status":"publish","type":"post","link":"https:\/\/gbpgorzyce.pl\/?p=5507","title":{"rendered":"SPOTKANIE AUTORSKIE Z MICHA\u0141EM \u015aMIELAKIEM!!!"},"content":{"rendered":"\n<p>Ju\u017c 8 maja z przytupem rozpoczniemy XXIII Og\u00f3lnopolski Tydzie\u0144 Bibliotek!<\/p>\n\n\n\n<p>MICHA\u0141 \u015aMIELAK b\u0119dzie go\u015bciem Gminnej Biblioteki Publicznej w Gorzycach!!!<\/p>\n\n\n\n<p>Spotkanie z mistrzem polskiego krymina\u0142u odb\u0119dzie si\u0119 w \u015arodowiskowym Domu Kultury w Gorzycach o godz. 17.00.<\/p>\n\n\n\n<p>!!!Serdecznie zapraszamy!!!<\/p>\n\n\n\n<figure class=\"wp-block-image size-large\"><img loading=\"lazy\" decoding=\"async\" width=\"724\" height=\"1024\" src=\"https:\/\/gbpgorzyce.pl\/wp-content\/uploads\/2026\/04\/GMINNY-OSRODEK-KULTURY-i-GMINNA-BIBLIOTEKA-PUBLICZNA-W-GORZYCACH-zapraszaja3-724x1024.png\" alt=\"\" class=\"wp-image-5508\" srcset=\"https:\/\/gbpgorzyce.pl\/wp-content\/uploads\/2026\/04\/GMINNY-OSRODEK-KULTURY-i-GMINNA-BIBLIOTEKA-PUBLICZNA-W-GORZYCACH-zapraszaja3-724x1024.png 724w, https:\/\/gbpgorzyce.pl\/wp-content\/uploads\/2026\/04\/GMINNY-OSRODEK-KULTURY-i-GMINNA-BIBLIOTEKA-PUBLICZNA-W-GORZYCACH-zapraszaja3-212x300.png 212w, https:\/\/gbpgorzyce.pl\/wp-content\/uploads\/2026\/04\/GMINNY-OSRODEK-KULTURY-i-GMINNA-BIBLIOTEKA-PUBLICZNA-W-GORZYCACH-zapraszaja3-768x1086.png 768w, https:\/\/gbpgorzyce.pl\/wp-content\/uploads\/2026\/04\/GMINNY-OSRODEK-KULTURY-i-GMINNA-BIBLIOTEKA-PUBLICZNA-W-GORZYCACH-zapraszaja3-1086x1536.png 1086w, https:\/\/gbpgorzyce.pl\/wp-content\/uploads\/2026\/04\/GMINNY-OSRODEK-KULTURY-i-GMINNA-BIBLIOTEKA-PUBLICZNA-W-GORZYCACH-zapraszaja3.png 1414w\" sizes=\"auto, (max-width: 724px) 100vw, 724px\" \/><\/figure>\n","protected":false},"excerpt":{"rendered":"<p>Ju\u017c 8 maja z przytupem rozpoczniemy XXIII Og\u00f3lnopolski Tydzie\u0144 Bibliotek! MICHA\u0141 \u015aMIELAK b\u0119dzie go\u015bciem Gminnej Biblioteki Publicznej w Gorzycach!!! Spotkanie z mistrzem polskiego krymina\u0142u odb\u0119dzie si\u0119 w \u015arodowiskowym Domu Kultury w Gorzycach o godz. 17.00. !!!Serdecznie zapraszamy!!!<\/p>\n","protected":false},"author":5,"featured_media":5508,"comment_status":"closed","ping_status":"closed","sticky":false,"template":"","format":"standard","meta":{"footnotes":""},"categories":[1],"tags":[],"class_list":["post-5507","post","type-post","status-publish","format-standard","has-post-thumbnail","hentry","category-aktualnosci"],"_links":{"self":[{"href":"https:\/\/gbpgorzyce.pl\/index.php?rest_route=\/wp\/v2\/posts\/5507","targetHints":{"allow":["GET"]}}],"collection":[{"href":"https:\/\/gbpgorzyce.pl\/index.php?rest_route=\/wp\/v2\/posts"}],"about":[{"href":"https:\/\/gbpgorzyce.pl\/index.php?rest_route=\/wp\/v2\/types\/post"}],"author":[{"embeddable":true,"href":"https:\/\/gbpgorzyce.pl\/index.php?rest_route=\/wp\/v2\/users\/5"}],"replies":[{"embeddable":true,"href":"https:\/\/gbpgorzyce.pl\/index.php?rest_route=%2Fwp%2Fv2%2Fcomments&post=5507"}],"version-history":[{"count":1,"href":"https:\/\/gbpgorzyce.pl\/index.php?rest_route=\/wp\/v2\/posts\/5507\/revisions"}],"predecessor-version":[{"id":5509,"href":"https:\/\/gbpgorzyce.pl\/index.php?rest_route=\/wp\/v2\/posts\/5507\/revisions\/5509"}],"wp:featuredmedia":[{"embeddable":true,"href":"https:\/\/gbpgorzyce.pl\/index.php?rest_route=\/wp\/v2\/media\/5508"}],"wp:attachment":[{"href":"https:\/\/gbpgorzyce.pl\/index.php?rest_route=%2Fwp%2Fv2%2Fmedia&parent=5507"}],"wp:term":[{"taxonomy":"category","embeddable":true,"href":"https:\/\/gbpgorzyce.pl\/index.php?rest_route=%2Fwp%2Fv2%2Fcategories&post=5507"},{"taxonomy":"post_tag","embeddable":true,"href":"https:\/\/gbpgorzyce.pl\/index.php?rest_route=%2Fwp%2Fv2%2Ftags&post=5507"}],"curies":[{"name":"wp","href":"https:\/\/api.w.org\/{rel}","templated":true}]}}