{"id":5503,"date":"2026-04-29T11:49:31","date_gmt":"2026-04-29T09:49:31","guid":{"rendered":"https:\/\/gbpgorzyce.pl\/?p=5503"},"modified":"2026-04-29T11:49:31","modified_gmt":"2026-04-29T09:49:31","slug":"dkk-gorzyce-spotkanie-autorskie-z-piotrem-duma","status":"publish","type":"post","link":"https:\/\/gbpgorzyce.pl\/?p=5503","title":{"rendered":"DKK GORZYCE &#8211; SPOTKANIE AUTORSKIE Z PIOTREM DUM\u0104"},"content":{"rendered":"\n<p>Wczorajszym niezwykle inspiruj\u0105cym spotkaniem oficjalnie rozpocz\u0119li\u015bmy tegoroczne obchody 100-lecia Polskiego Radia.<\/p>\n\n\n\n<p>Z tej okazji zaszczyci\u0142 nas swoj\u0105 obecno\u015bci\u0105 dyrektor Gminnego O\u015brodka Kultury w Gorzycach pan Piotr Duma &#8211; dziennikarz Radia Leliwa, autor ksi\u0105\u017cki opisuj\u0105cej rozw\u00f3j rodzimej, lokalnej stacji &#8211; &#8222;Radio Leliwa. Radio stworzone z pasji&#8221;.<\/p>\n\n\n\n<p>To prawdziwe tomisko (format A4, twarda oprawa, 532 s.) jest przepi\u0119knie wydan\u0105 publikacj\u0105. Autorowi uda\u0142o si\u0119 dotrze\u0107 do 150 os\u00f3b, kt\u00f3re zapisa\u0142y si\u0119 w historii radia, dzi\u0119ki czemu ksi\u0105\u017cka zawiera mn\u00f3stwo wspomnie\u0144, dokument\u00f3w i zdj\u0119\u0107.<\/p>\n\n\n\n<p>W radiowe opowie\u015bci p. Piotra ws\u0142uchiwa\u0142o si\u0119 grono mi\u0142o\u015bnik\u00f3w radia i ksi\u0105\u017cek z Dyskusyjnego Klubu Ksi\u0105\u017cki w Gorzycach.<\/p>\n\n\n\n<p>Opr\u00f3cz historii zwi\u0105zanych z procesem powstawania ksi\u0105\u017cki, autor opowiada\u0142 o swoich radiowych do\u015bwiadczeniach, audycjach, &#8222;wypadkach przy pracy&#8221;, wywiadach i promowaniu lokalnych wykonawc\u00f3w.<\/p>\n\n\n\n<p>Uczestnik\u00f3w spotkania najbardziej uj\u0119\u0142a w p. Piotrze jego wewn\u0119trzna energia i mi\u0142o\u015b\u0107 do radia. Pasja z jak\u0105 o tym opowiada\u0142, wywar\u0142a na nich ogromne wra\u017cenie. Autentyczno\u015b\u0107 p. Piotra jest inspiruj\u0105ca i godna podziwu.<\/p>\n\n\n\n<p>Serdecznie dzi\u0119kujemy za przemi\u0142e spotkanie i wprowadzenie nas w zaczarowany \u015bwiat radiowc\u00f3w.<\/p>\n\n\n\n<p>Polecamy gor\u0105co \u015brodow\u0105 audycj\u0119 naszego go\u015bcia &#8211; Gramy po polsku w Radio Leliwa.<\/p>\n\n\n\n<figure class=\"wp-block-image size-large is-resized\"><img loading=\"lazy\" decoding=\"async\" width=\"459\" height=\"1024\" src=\"https:\/\/gbpgorzyce.pl\/wp-content\/uploads\/2026\/04\/obraz-5-459x1024.png\" alt=\"\" class=\"wp-image-5505\" style=\"width:418px;height:auto\" srcset=\"https:\/\/gbpgorzyce.pl\/wp-content\/uploads\/2026\/04\/obraz-5-459x1024.png 459w, https:\/\/gbpgorzyce.pl\/wp-content\/uploads\/2026\/04\/obraz-5-134x300.png 134w, https:\/\/gbpgorzyce.pl\/wp-content\/uploads\/2026\/04\/obraz-5-768x1714.png 768w, https:\/\/gbpgorzyce.pl\/wp-content\/uploads\/2026\/04\/obraz-5-688x1536.png 688w, https:\/\/gbpgorzyce.pl\/wp-content\/uploads\/2026\/04\/obraz-5.png 896w\" sizes=\"auto, (max-width: 459px) 100vw, 459px\" \/><\/figure>\n\n\n\n\n\n<p><\/p>\n","protected":false},"excerpt":{"rendered":"<p>Wczorajszym niezwykle inspiruj\u0105cym spotkaniem oficjalnie rozpocz\u0119li\u015bmy tegoroczne obchody 100-lecia Polskiego Radia. Z tej okazji zaszczyci\u0142 nas swoj\u0105 obecno\u015bci\u0105 dyrektor Gminnego O\u015brodka Kultury w Gorzycach pan Piotr Duma &#8211; dziennikarz Radia Leliwa, autor ksi\u0105\u017cki opisuj\u0105cej rozw\u00f3j rodzimej, lokalnej stacji &#8211; &#8222;Radio Leliwa. Radio stworzone z pasji&#8221;. To prawdziwe tomisko (format A4, twarda oprawa, 532 s.) jest [&hellip;]<\/p>\n","protected":false},"author":5,"featured_media":5504,"comment_status":"closed","ping_status":"closed","sticky":false,"template":"","format":"standard","meta":{"footnotes":""},"categories":[1],"tags":[],"class_list":["post-5503","post","type-post","status-publish","format-standard","has-post-thumbnail","hentry","category-aktualnosci"],"_links":{"self":[{"href":"https:\/\/gbpgorzyce.pl\/index.php?rest_route=\/wp\/v2\/posts\/5503","targetHints":{"allow":["GET"]}}],"collection":[{"href":"https:\/\/gbpgorzyce.pl\/index.php?rest_route=\/wp\/v2\/posts"}],"about":[{"href":"https:\/\/gbpgorzyce.pl\/index.php?rest_route=\/wp\/v2\/types\/post"}],"author":[{"embeddable":true,"href":"https:\/\/gbpgorzyce.pl\/index.php?rest_route=\/wp\/v2\/users\/5"}],"replies":[{"embeddable":true,"href":"https:\/\/gbpgorzyce.pl\/index.php?rest_route=%2Fwp%2Fv2%2Fcomments&post=5503"}],"version-history":[{"count":1,"href":"https:\/\/gbpgorzyce.pl\/index.php?rest_route=\/wp\/v2\/posts\/5503\/revisions"}],"predecessor-version":[{"id":5506,"href":"https:\/\/gbpgorzyce.pl\/index.php?rest_route=\/wp\/v2\/posts\/5503\/revisions\/5506"}],"wp:featuredmedia":[{"embeddable":true,"href":"https:\/\/gbpgorzyce.pl\/index.php?rest_route=\/wp\/v2\/media\/5504"}],"wp:attachment":[{"href":"https:\/\/gbpgorzyce.pl\/index.php?rest_route=%2Fwp%2Fv2%2Fmedia&parent=5503"}],"wp:term":[{"taxonomy":"category","embeddable":true,"href":"https:\/\/gbpgorzyce.pl\/index.php?rest_route=%2Fwp%2Fv2%2Fcategories&post=5503"},{"taxonomy":"post_tag","embeddable":true,"href":"https:\/\/gbpgorzyce.pl\/index.php?rest_route=%2Fwp%2Fv2%2Ftags&post=5503"}],"curies":[{"name":"wp","href":"https:\/\/api.w.org\/{rel}","templated":true}]}}