{"id":5499,"date":"2026-04-29T11:34:28","date_gmt":"2026-04-29T09:34:28","guid":{"rendered":"https:\/\/gbpgorzyce.pl\/?p=5499"},"modified":"2026-04-29T11:34:28","modified_gmt":"2026-04-29T09:34:28","slug":"akcja-zonkile-w-gminnej-bibliotece-publicznej-w-gorzycach","status":"publish","type":"post","link":"https:\/\/gbpgorzyce.pl\/?p=5499","title":{"rendered":"AKCJA &#8222;\u017bONKILE&#8221; W GMINNEJ BIBLIOTECE PUBLICZNEJ W GORZYCACH"},"content":{"rendered":"\n<p>W dniu 17 kwietnia w naszej bibliotece odby\u0142o si\u0119 wyj\u0105tkowe spotkanie po\u015bwi\u0119cone 83. rocznicy powstania w getcie warszawskim.<\/p>\n\n\n\n<p>W wydarzeniu wzi\u0119\u0142a udzia\u0142 m\u0142odzie\u017c z Zespo\u0142u Szk\u00f3\u0142 im. porucznika J\u00f3zefa Sarny w Gorzycach wraz z wychowawcami. By\u0142a to okazja do wsp\u00f3lnej refleksji nad histori\u0105, odwag\u0105 i wyborami m\u0142odych ludzi w czasie II wojny \u015bwiatowej.<\/p>\n\n\n\n<p>Uczestnicy wys\u0142uchali wyk\u0142adu o powstaniu w getcie warszawskim dr. Krzysztofa Persaka, kt\u00f3ry przybli\u017cy\u0142 kontekst i znaczenie wydarze\u0144 z 1943 roku. Nast\u0119pnie m\u0142odzie\u017c obejrza\u0142a film \u201eZd\u0105\u017cy\u0107 przed Panem Bogiem\u201d, sk\u0142aniaj\u0105cy do g\u0142\u0119bszej refleksji nad losami bohater\u00f3w tamtych dni.<\/p>\n\n\n\n<p>Przedstawicielki biblioteki odwiedzi\u0142y r\u00f3wnie\u017c Urz\u0105d Gminy w Gorzycach, gdzie przypi\u0119\u0142y pracownikom symboliczne \u017c\u00f3\u0142te \u017conkile na znak pami\u0119ci i solidarno\u015bci.<\/p>\n\n\n\n<p>Dzi\u0119kujemy wszystkim za obecno\u015b\u0107 oraz wsp\u00f3lnie sp\u0119dzony czas pe\u0142en zadumy i refleksji.<\/p>\n\n\n\n<p><a href=\"https:\/\/www.facebook.com\/hashtag\/akcjazonkile?__cft__[0]=AZbe0FzGKbGS8zRtuk5v6lhQ2QPxBfX4d1COG3xry2kC3X_pnpitdMVGv0uYbNWwgmkJCOsFMRkxZDuoFRMk60Y6avldHwK-yIIP-lzHKKqez3s6L4UAeE6opbCy8c1n2lUEYnspx4874Oj3qRdJvuUV&amp;__tn__=*NK-R\">#akcjazonkile<\/a><\/p>\n\n\n\n<p><a href=\"https:\/\/www.facebook.com\/hashtag\/%C5%82%C4%85czynaspami%C4%99c?__cft__[0]=AZbe0FzGKbGS8zRtuk5v6lhQ2QPxBfX4d1COG3xry2kC3X_pnpitdMVGv0uYbNWwgmkJCOsFMRkxZDuoFRMk60Y6avldHwK-yIIP-lzHKKqez3s6L4UAeE6opbCy8c1n2lUEYnspx4874Oj3qRdJvuUV&amp;__tn__=*NK-R\">#\u0142\u0105czynaspami\u0119c<\/a><\/p>\n\n\n\n<p><\/p>\n\n\n\n<figure class=\"wp-block-image size-full is-resized\"><img loading=\"lazy\" decoding=\"async\" width=\"940\" height=\"788\" src=\"https:\/\/gbpgorzyce.pl\/wp-content\/uploads\/2026\/04\/Projekt-bez-nazwy121.png\" alt=\"\" class=\"wp-image-5500\" style=\"width:691px;height:auto\" srcset=\"https:\/\/gbpgorzyce.pl\/wp-content\/uploads\/2026\/04\/Projekt-bez-nazwy121.png 940w, https:\/\/gbpgorzyce.pl\/wp-content\/uploads\/2026\/04\/Projekt-bez-nazwy121-300x251.png 300w, https:\/\/gbpgorzyce.pl\/wp-content\/uploads\/2026\/04\/Projekt-bez-nazwy121-768x644.png 768w\" sizes=\"auto, (max-width: 940px) 100vw, 940px\" \/><\/figure>\n\n\n","protected":false},"excerpt":{"rendered":"<p>W dniu 17 kwietnia w naszej bibliotece odby\u0142o si\u0119 wyj\u0105tkowe spotkanie po\u015bwi\u0119cone 83. rocznicy powstania w getcie warszawskim. W wydarzeniu wzi\u0119\u0142a udzia\u0142 m\u0142odzie\u017c z Zespo\u0142u Szk\u00f3\u0142 im. porucznika J\u00f3zefa Sarny w Gorzycach wraz z wychowawcami. By\u0142a to okazja do wsp\u00f3lnej refleksji nad histori\u0105, odwag\u0105 i wyborami m\u0142odych ludzi w czasie II wojny \u015bwiatowej. Uczestnicy wys\u0142uchali [&hellip;]<\/p>\n","protected":false},"author":5,"featured_media":5501,"comment_status":"closed","ping_status":"closed","sticky":false,"template":"","format":"standard","meta":{"footnotes":""},"categories":[1],"tags":[],"class_list":["post-5499","post","type-post","status-publish","format-standard","has-post-thumbnail","hentry","category-aktualnosci"],"_links":{"self":[{"href":"https:\/\/gbpgorzyce.pl\/index.php?rest_route=\/wp\/v2\/posts\/5499","targetHints":{"allow":["GET"]}}],"collection":[{"href":"https:\/\/gbpgorzyce.pl\/index.php?rest_route=\/wp\/v2\/posts"}],"about":[{"href":"https:\/\/gbpgorzyce.pl\/index.php?rest_route=\/wp\/v2\/types\/post"}],"author":[{"embeddable":true,"href":"https:\/\/gbpgorzyce.pl\/index.php?rest_route=\/wp\/v2\/users\/5"}],"replies":[{"embeddable":true,"href":"https:\/\/gbpgorzyce.pl\/index.php?rest_route=%2Fwp%2Fv2%2Fcomments&post=5499"}],"version-history":[{"count":1,"href":"https:\/\/gbpgorzyce.pl\/index.php?rest_route=\/wp\/v2\/posts\/5499\/revisions"}],"predecessor-version":[{"id":5502,"href":"https:\/\/gbpgorzyce.pl\/index.php?rest_route=\/wp\/v2\/posts\/5499\/revisions\/5502"}],"wp:featuredmedia":[{"embeddable":true,"href":"https:\/\/gbpgorzyce.pl\/index.php?rest_route=\/wp\/v2\/media\/5501"}],"wp:attachment":[{"href":"https:\/\/gbpgorzyce.pl\/index.php?rest_route=%2Fwp%2Fv2%2Fmedia&parent=5499"}],"wp:term":[{"taxonomy":"category","embeddable":true,"href":"https:\/\/gbpgorzyce.pl\/index.php?rest_route=%2Fwp%2Fv2%2Fcategories&post=5499"},{"taxonomy":"post_tag","embeddable":true,"href":"https:\/\/gbpgorzyce.pl\/index.php?rest_route=%2Fwp%2Fv2%2Ftags&post=5499"}],"curies":[{"name":"wp","href":"https:\/\/api.w.org\/{rel}","templated":true}]}}