{"id":5395,"date":"2025-11-20T12:44:11","date_gmt":"2025-11-20T11:44:11","guid":{"rendered":"https:\/\/gbpgorzyce.pl\/?p=5395"},"modified":"2025-11-20T12:44:11","modified_gmt":"2025-11-20T11:44:11","slug":"spelnione-marzenia-nie-maja-ceny-spotkanie-z-najmlodszym-polskim-pisarzem-fantasy","status":"publish","type":"post","link":"https:\/\/gbpgorzyce.pl\/?p=5395","title":{"rendered":"&#8222;SPE\u0141NIONE MARZENIA NIE MAJ\u0104 CENY&#8221; &#8211; SPOTKANIE Z NAJM\u0141ODSZYM POLSKIM PISARZEM FANTASY"},"content":{"rendered":"\n<p>Mateusz Cetnarski w spos\u00f3b niezwyk\u0142y i niespotykany zaprosi\u0142 nas do \u015bwiata swoich fantazji, pasji, marze\u0144 i zainteresowa\u0144. Zaskoczy\u0142 nas swoim aktorskim zaci\u0119ciem i ta\u0144cem. <\/p>\n\n\n\n<p>Bardzo dzi\u0119kujemy mu za inspiruj\u0105ce i energetyczne spotkanie. <\/p>\n\n\n\n<p>Uczniowie gorzyckich szk\u00f3\u0142 podstawowych na pewno d\u0142ugo b\u0119d\u0105 je pami\u0119ta\u0107. Bo najm\u0142odszy polski pisarz fantasy jest dzi\u015b r\u00f3wnie\u017c autorem ksi\u0105\u017cek dla dzieci &#8211; dw\u00f3ch cz\u0119\u015bci  przyg\u00f3d \u015blimaczka Piotra, dzielnego podr\u00f3\u017cnika. Do ich napisania zainspirowa\u0142a autora spokrewniona z nim przedstawicielka m\u0142odziutkiego pokolenia. Najnowsza, druga cz\u0119\u015b\u0107 przyg\u00f3d \u015blimaczka zaprasza czytelnika do wsp\u00f3lnej zabawy. Czekaj\u0105 na niego niesamowite wyzwania, dzi\u0119ki kt\u00f3rym sam staje si\u0119 wsp\u00f3\u0142tw\u00f3rc\u0105 ksi\u0105\u017cki.<\/p>\n\n\n\n<p>Po spotkaniu autorskim, kt\u00f3re odby\u0142o si\u0119 w \u015arodowiskowym Domu Kultury w Gorzycach Mateusz Cetnarski odwiedzi\u0142 Szko\u0142\u0119 Podstawow\u0105 nr 1 w Gorzycach jako go\u015b\u0107 podcastu. Wywiad przeprowadzi\u0142a z autorem Alicja Bernat z klasy VIII.<\/p>\n\n\n\n<p><\/p>\n\n\n\n<p><a href=\"https:\/\/www.facebook.com\/reel\/1875003653441109\">https:\/\/www.facebook.com\/reel\/1875003653441109<\/a><\/p>\n\n\n\n<p><\/p>\n","protected":false},"excerpt":{"rendered":"<p>Mateusz Cetnarski w spos\u00f3b niezwyk\u0142y i niespotykany zaprosi\u0142 nas do \u015bwiata swoich fantazji, pasji, marze\u0144 i zainteresowa\u0144. Zaskoczy\u0142 nas swoim aktorskim zaci\u0119ciem i ta\u0144cem. Bardzo dzi\u0119kujemy mu za inspiruj\u0105ce i energetyczne spotkanie. Uczniowie gorzyckich szk\u00f3\u0142 podstawowych na pewno d\u0142ugo b\u0119d\u0105 je pami\u0119ta\u0107. Bo najm\u0142odszy polski pisarz fantasy jest dzi\u015b r\u00f3wnie\u017c autorem ksi\u0105\u017cek dla dzieci &#8211; [&hellip;]<\/p>\n","protected":false},"author":5,"featured_media":5396,"comment_status":"closed","ping_status":"closed","sticky":false,"template":"","format":"standard","meta":{"footnotes":""},"categories":[1],"tags":[],"class_list":["post-5395","post","type-post","status-publish","format-standard","has-post-thumbnail","hentry","category-aktualnosci"],"_links":{"self":[{"href":"https:\/\/gbpgorzyce.pl\/index.php?rest_route=\/wp\/v2\/posts\/5395","targetHints":{"allow":["GET"]}}],"collection":[{"href":"https:\/\/gbpgorzyce.pl\/index.php?rest_route=\/wp\/v2\/posts"}],"about":[{"href":"https:\/\/gbpgorzyce.pl\/index.php?rest_route=\/wp\/v2\/types\/post"}],"author":[{"embeddable":true,"href":"https:\/\/gbpgorzyce.pl\/index.php?rest_route=\/wp\/v2\/users\/5"}],"replies":[{"embeddable":true,"href":"https:\/\/gbpgorzyce.pl\/index.php?rest_route=%2Fwp%2Fv2%2Fcomments&post=5395"}],"version-history":[{"count":1,"href":"https:\/\/gbpgorzyce.pl\/index.php?rest_route=\/wp\/v2\/posts\/5395\/revisions"}],"predecessor-version":[{"id":5397,"href":"https:\/\/gbpgorzyce.pl\/index.php?rest_route=\/wp\/v2\/posts\/5395\/revisions\/5397"}],"wp:featuredmedia":[{"embeddable":true,"href":"https:\/\/gbpgorzyce.pl\/index.php?rest_route=\/wp\/v2\/media\/5396"}],"wp:attachment":[{"href":"https:\/\/gbpgorzyce.pl\/index.php?rest_route=%2Fwp%2Fv2%2Fmedia&parent=5395"}],"wp:term":[{"taxonomy":"category","embeddable":true,"href":"https:\/\/gbpgorzyce.pl\/index.php?rest_route=%2Fwp%2Fv2%2Fcategories&post=5395"},{"taxonomy":"post_tag","embeddable":true,"href":"https:\/\/gbpgorzyce.pl\/index.php?rest_route=%2Fwp%2Fv2%2Ftags&post=5395"}],"curies":[{"name":"wp","href":"https:\/\/api.w.org\/{rel}","templated":true}]}}