{"id":4670,"date":"2023-06-20T13:30:52","date_gmt":"2023-06-20T11:30:52","guid":{"rendered":"http:\/\/gbpgorzyce.pl\/?p=4670"},"modified":"2023-09-20T14:18:33","modified_gmt":"2023-09-20T12:18:33","slug":"uroczyste-obchody-roku-aleksandra-fredry-zorganizowane-przez-gbp-w-gorzycach","status":"publish","type":"post","link":"https:\/\/gbpgorzyce.pl\/?p=4670","title":{"rendered":"UROCZYSTE OBCHODY ROKU ALEKSANDRA FREDRY ZORGANIZOWANE PRZEZ GBP W GORZYCACH."},"content":{"rendered":"\n<p><a href=\"https:\/\/www.facebook.com\/hashtag\/ca%C5%82apolskaczytadzieciom?__eep__=6&amp;__cft__[0]=AZWu78jhKJriIJMKyWkg7kfb2Z2Dfv9713P80eacdcNCOlRTv22kqKG4yJ5Nf52HAaz0mP1yCEdNLNAW1aUohSTKYb0uFz-BHC4J5lj-mUpWBAbCBC327FwNxsZ31EqKyU7xMn02JEUrg4WWXB7Ngrim7a-ClXoPcxhMKYdrQyPthxqEEs9-lbykCVcbzS0Ywkc&amp;__tn__=*NK-R\">#Ca\u0142aPolskaCzytaDzieciom<\/a><a href=\"https:\/\/www.facebook.com\/hashtag\/fundacjaabcxxi?__eep__=6&amp;__cft__[0]=AZWu78jhKJriIJMKyWkg7kfb2Z2Dfv9713P80eacdcNCOlRTv22kqKG4yJ5Nf52HAaz0mP1yCEdNLNAW1aUohSTKYb0uFz-BHC4J5lj-mUpWBAbCBC327FwNxsZ31EqKyU7xMn02JEUrg4WWXB7Ngrim7a-ClXoPcxhMKYdrQyPthxqEEs9-lbykCVcbzS0Ywkc&amp;__tn__=*NK-R\"> #FundacjaABCXXI<\/a> <\/p>\n\n\n\n<p>20 czerwca 1793 r. w Surochowie ko\u0142o Jaros\u0142awia urodzi\u0142 si\u0119 Aleksander Fredro &#8211; najwybitniejszy komediopisarz w historii literatury polskiej, a tak\u017ce pami\u0119tnikarz i poeta oraz \u017co\u0142nierz armii Ksi\u0119stwa Warszawskiego.<\/p>\n\n\n\n<p>Uwa\u017ca\u0142, \u017ce najwa\u017cniejsz\u0105 rzecz\u0105, jak\u0105 zrobi\u0142, by\u0142a walka o odzyskanie niepodleg\u0142o\u015bci Polski. Dlatego \u017c\u0105da\u0142, by na jego klepsydrze widnia\u0142y dwa s\u0142owa: &#8222;\u017co\u0142nierz, poeta&#8221;. Zapis zosta\u0142 rozszerzony przez rodzin\u0119 po \u015bmierci tw\u00f3rcy, w efekcie czego, na tablicy nagrobnej mo\u017cemy przeczyta\u0107: &#8222;\u017co\u0142nierz napoleo\u0144ski, ojciec komedii polskiej&#8221;.<\/p>\n\n\n\n<p>15 czerwca w trakcie turnieju mi\u0119dzyszkolnego &#8222;Fredro na portrety&#8221;, dzi\u0119ki uprzejmo\u015bci p. Marcina Krzemi\u0144skiego, powsta\u0142 profesjonalny materia\u0142 filmowy, kt\u00f3ry wykorzystali\u015bmy do wzbogacenia relacji z tego wydarzenia.<\/p>\n\n\n\n<p>Dodatkowym elementem filmu jest mo\u017cliwo\u015b\u0107 wys\u0142uchania fragment\u00f3w pami\u0119tnika Aleksandra Fredry, odnosz\u0105cych si\u0119 do jego pobytu w 1809 r. w naszej gminie, w miejscowo\u015bci Trze\u015b\u0144. Fragmenty czyta w\u00f3jt gminy Gorzyce p. Leszek Surdy.<\/p>\n\n\n\n<p>Serdecznie dzi\u0119kujemy wszystkim osobom zaanga\u017cowanym w przygotowanie turnieju i jego przebieg oraz tym, dzi\u0119ki kt\u00f3rym powsta\u0142 film &#8211; relacja.<\/p>\n\n\n\n<figure class=\"wp-block-embed is-type-video is-provider-youtube wp-block-embed-youtube wp-embed-aspect-16-9 wp-has-aspect-ratio\"><div class=\"wp-block-embed__wrapper\">\n<iframe loading=\"lazy\" title=\"Turniej mi\u0119dzyszkolny &quot;FREDRO NA PORTRETY&quot;\" width=\"1140\" height=\"641\" src=\"https:\/\/www.youtube.com\/embed\/bSwDVgmjzZc?feature=oembed\" frameborder=\"0\" allow=\"accelerometer; autoplay; clipboard-write; encrypted-media; gyroscope; picture-in-picture; web-share\" allowfullscreen><\/iframe>\n<\/div><\/figure>\n","protected":false},"excerpt":{"rendered":"<p>#Ca\u0142aPolskaCzytaDzieciom #FundacjaABCXXI 20 czerwca 1793 r. w Surochowie ko\u0142o Jaros\u0142awia urodzi\u0142 si\u0119 Aleksander Fredro &#8211; najwybitniejszy komediopisarz w historii literatury polskiej, a tak\u017ce pami\u0119tnikarz i poeta oraz \u017co\u0142nierz armii Ksi\u0119stwa Warszawskiego. Uwa\u017ca\u0142, \u017ce najwa\u017cniejsz\u0105 rzecz\u0105, jak\u0105 zrobi\u0142, by\u0142a walka o odzyskanie niepodleg\u0142o\u015bci Polski. Dlatego \u017c\u0105da\u0142, by na jego klepsydrze widnia\u0142y dwa s\u0142owa: &#8222;\u017co\u0142nierz, poeta&#8221;. Zapis [&hellip;]<\/p>\n","protected":false},"author":5,"featured_media":4673,"comment_status":"closed","ping_status":"closed","sticky":false,"template":"","format":"standard","meta":{"footnotes":""},"categories":[1],"tags":[],"class_list":["post-4670","post","type-post","status-publish","format-standard","has-post-thumbnail","hentry","category-aktualnosci"],"_links":{"self":[{"href":"https:\/\/gbpgorzyce.pl\/index.php?rest_route=\/wp\/v2\/posts\/4670","targetHints":{"allow":["GET"]}}],"collection":[{"href":"https:\/\/gbpgorzyce.pl\/index.php?rest_route=\/wp\/v2\/posts"}],"about":[{"href":"https:\/\/gbpgorzyce.pl\/index.php?rest_route=\/wp\/v2\/types\/post"}],"author":[{"embeddable":true,"href":"https:\/\/gbpgorzyce.pl\/index.php?rest_route=\/wp\/v2\/users\/5"}],"replies":[{"embeddable":true,"href":"https:\/\/gbpgorzyce.pl\/index.php?rest_route=%2Fwp%2Fv2%2Fcomments&post=4670"}],"version-history":[{"count":2,"href":"https:\/\/gbpgorzyce.pl\/index.php?rest_route=\/wp\/v2\/posts\/4670\/revisions"}],"predecessor-version":[{"id":5003,"href":"https:\/\/gbpgorzyce.pl\/index.php?rest_route=\/wp\/v2\/posts\/4670\/revisions\/5003"}],"wp:featuredmedia":[{"embeddable":true,"href":"https:\/\/gbpgorzyce.pl\/index.php?rest_route=\/wp\/v2\/media\/4673"}],"wp:attachment":[{"href":"https:\/\/gbpgorzyce.pl\/index.php?rest_route=%2Fwp%2Fv2%2Fmedia&parent=4670"}],"wp:term":[{"taxonomy":"category","embeddable":true,"href":"https:\/\/gbpgorzyce.pl\/index.php?rest_route=%2Fwp%2Fv2%2Fcategories&post=4670"},{"taxonomy":"post_tag","embeddable":true,"href":"https:\/\/gbpgorzyce.pl\/index.php?rest_route=%2Fwp%2Fv2%2Ftags&post=4670"}],"curies":[{"name":"wp","href":"https:\/\/api.w.org\/{rel}","templated":true}]}}