{"id":3972,"date":"2022-02-23T11:29:48","date_gmt":"2022-02-23T10:29:48","guid":{"rendered":"http:\/\/gbpgorzyce.pl\/?p=3972"},"modified":"2022-02-23T11:29:49","modified_gmt":"2022-02-23T10:29:49","slug":"ferie-z-gminna-biblioteka-publiczna","status":"publish","type":"post","link":"https:\/\/gbpgorzyce.pl\/?p=3972","title":{"rendered":"FERIE Z GMINN\u0104 BIBLIOTEK\u0104 PUBLICZN\u0104."},"content":{"rendered":"\n<p>Wszystko zawsze zaczyna si\u0119 od ksi\u0105\u017cki, a w tym przypadku r\u00f3wnie\u017c ko\u0144czy. Tw\u00f3rcy filmu &#8222;Kraina Lodu&#8221; zainspirowani ba\u015bni\u0105 &#8222;Kr\u00f3lowa \u015aniegu&#8221; Hansa Christiana Andersena, stworzyli tak wspania\u0142y obraz, \u017ce rynek wydawniczy szybko &#8222;upomnia\u0142 si\u0119&#8221; o opracowanie ksi\u0105\u017ckowe nawi\u0105zuj\u0105ce do filmu. <\/p>\n\n\n\n<p>&#8222;Olaf czeka na wiosn\u0119&#8221; jest jedn\u0105 z wielu czytanek, jakie znajdziecie w naszej Wypo\u017cyczalni na p\u00f3\u0142ce oznaczonej &#8222;Kraina Lodu&#8221;. \u015amieszny ba\u0142wanek jest bardzo ciekawy \u017cycia, a jego najwi\u0119kszym marzeniem jest le\u017cenie na pla\u017cy, opalanie si\u0119, bieganie po \u0142\u0105ce i \u017ceglowanie po rozgrzanym morzu. Ale czy ciep\u0142o s\u0142u\u017cy ba\u0142wankom? Olaf nie zdaje sobie sprawy, \u017ce \u015bniegowe ba\u0142wanki topniej\u0105 pod jego wp\u0142ywem.<\/p>\n\n\n\n<p>Mimo to rozweselili\u015bmy portrety przedstawiaj\u0105ce Olafa odwa\u017cnymi barwami i elementami charakterystycznymi dla wiosny i lata. Wykonali\u015bmy r\u00f3wnie\u017c metod\u0105 recyclingu ma\u0142e Olafki i rywalizowali\u015bmy w grach i zabawach.<\/p>\n\n\n\n<p><code><div class=\"rl-gallery-container rl-loading\" id=\"rl-gallery-container-1\" data-gallery_id=\"3961\"> <div class=\"rl-gallery rl-basicgrid-gallery rl-hover-effect-5 rl-hover-icon-2\" id=\"rl-gallery-1\" data-gallery_no=\"1\"> <div class=\"rl-gallery-item\"><a href=\"https:\/\/gbpgorzyce.pl\/wp-content\/uploads\/2022\/02\/274075274_662918674857554_1565576590160381589_n.jpg\" title=\"\" data-rl_title=\"\" class=\"rl-gallery-link\" data-rl_caption=\"\" data-rel=\"lightbox-gallery-1\"><img loading=\"lazy\" decoding=\"async\" src=\"https:\/\/gbpgorzyce.pl\/wp-content\/uploads\/2022\/02\/274075274_662918674857554_1565576590160381589_n-300x225.jpg\" width=\"300\" height=\"225\" alt=\"\"\/><span class=\"rl-gallery-caption\"><span class=\"rl-gallery-item-title\">Grupa dzieci z bibliotekark\u0105.<\/span><\/span><\/a><\/div><div class=\"rl-gallery-item\"><a href=\"https:\/\/gbpgorzyce.pl\/wp-content\/uploads\/2022\/02\/273946831_502053334860391_8144417578454098546_n.jpg\" title=\"\" data-rl_title=\"\" class=\"rl-gallery-link\" data-rl_caption=\"\" data-rel=\"lightbox-gallery-1\"><img loading=\"lazy\" decoding=\"async\" src=\"https:\/\/gbpgorzyce.pl\/wp-content\/uploads\/2022\/02\/273946831_502053334860391_8144417578454098546_n-300x225.jpg\" width=\"300\" height=\"225\" alt=\"\"\/><span class=\"rl-gallery-caption\"><span class=\"rl-gallery-item-title\">Pi\u0119cioro dzieci przy stoliku podczas wykonywania pracy plastycznej, na pierwszym planie bibliotekarka.<\/span><\/span><\/a><\/div><div class=\"rl-gallery-item\"><a href=\"https:\/\/gbpgorzyce.pl\/wp-content\/uploads\/2022\/02\/273946831_987273211896640_823275012830506176_n.jpg\" title=\"\" data-rl_title=\"\" class=\"rl-gallery-link\" data-rl_caption=\"\" data-rel=\"lightbox-gallery-1\"><img loading=\"lazy\" decoding=\"async\" src=\"https:\/\/gbpgorzyce.pl\/wp-content\/uploads\/2022\/02\/273946831_987273211896640_823275012830506176_n-225x300.jpg\" width=\"225\" height=\"300\" alt=\"\"\/><span class=\"rl-gallery-caption\"><span class=\"rl-gallery-item-title\">Czworo dzieci przy stoliku podczas wykonywania pracy plastycznej.<\/span><\/span><\/a><\/div><div class=\"rl-gallery-item\"><a href=\"https:\/\/gbpgorzyce.pl\/wp-content\/uploads\/2022\/02\/273985206_336070278448004_1003319316848948134_n.jpg\" title=\"\" data-rl_title=\"\" class=\"rl-gallery-link\" data-rl_caption=\"\" data-rel=\"lightbox-gallery-1\"><img loading=\"lazy\" decoding=\"async\" src=\"https:\/\/gbpgorzyce.pl\/wp-content\/uploads\/2022\/02\/273985206_336070278448004_1003319316848948134_n-225x300.jpg\" width=\"225\" height=\"300\" alt=\"\"\/><span class=\"rl-gallery-caption\"><span class=\"rl-gallery-item-title\">Pi\u0119cioro dzieci przy stoliku podczas wykonywania pracy plastycznej.<\/span><\/span><\/a><\/div><div class=\"rl-gallery-item\"><a href=\"https:\/\/gbpgorzyce.pl\/wp-content\/uploads\/2022\/02\/274041513_3142092492699272_1881119225507078075_n.jpg\" title=\"\" data-rl_title=\"\" class=\"rl-gallery-link\" data-rl_caption=\"\" data-rel=\"lightbox-gallery-1\"><img loading=\"lazy\" decoding=\"async\" src=\"https:\/\/gbpgorzyce.pl\/wp-content\/uploads\/2022\/02\/274041513_3142092492699272_1881119225507078075_n-300x225.jpg\" width=\"300\" height=\"225\" alt=\"\"\/><span class=\"rl-gallery-caption\"><span class=\"rl-gallery-item-title\">Pi\u0119cioro dzieci przy stoliku podczas wykonywania pracy plastycznej, na pierwszym planie bibliotekarka.<\/span><\/span><\/a><\/div><div class=\"rl-gallery-item\"><a href=\"https:\/\/gbpgorzyce.pl\/wp-content\/uploads\/2022\/02\/274170544_699543037707733_5210736108670877008_n.jpg\" title=\"\" data-rl_title=\"\" class=\"rl-gallery-link\" data-rl_caption=\"\" data-rel=\"lightbox-gallery-1\"><img loading=\"lazy\" decoding=\"async\" src=\"https:\/\/gbpgorzyce.pl\/wp-content\/uploads\/2022\/02\/274170544_699543037707733_5210736108670877008_n-300x225.jpg\" width=\"300\" height=\"225\" alt=\"\"\/><span class=\"rl-gallery-caption\"><span class=\"rl-gallery-item-title\">Dwie prace plastyczne wykonane przez dzieci przedstawiaj\u0105ce Olafa &#8211; bohatera bajki &#8222;Kraina Lodu&#8221;.<\/span><\/span><\/a><\/div><div class=\"rl-gallery-item\"><a href=\"https:\/\/gbpgorzyce.pl\/wp-content\/uploads\/2022\/02\/274187914_472233444352031_7254786314304436815_n.jpg\" title=\"\" data-rl_title=\"\" class=\"rl-gallery-link\" data-rl_caption=\"\" data-rel=\"lightbox-gallery-1\"><img loading=\"lazy\" decoding=\"async\" src=\"https:\/\/gbpgorzyce.pl\/wp-content\/uploads\/2022\/02\/274187914_472233444352031_7254786314304436815_n-300x225.jpg\" width=\"300\" height=\"225\" alt=\"\"\/><span class=\"rl-gallery-caption\"><span class=\"rl-gallery-item-title\">D\u0142onie dzieci wykonuj\u0105cych prac\u0119 plastyczn\u0119.<\/span><\/span><\/a><\/div><div class=\"rl-gallery-item\"><a href=\"https:\/\/gbpgorzyce.pl\/wp-content\/uploads\/2022\/02\/274253123_316078353881831_5075392298663989161_n.jpg\" title=\"\" data-rl_title=\"\" class=\"rl-gallery-link\" data-rl_caption=\"\" data-rel=\"lightbox-gallery-1\"><img loading=\"lazy\" decoding=\"async\" src=\"https:\/\/gbpgorzyce.pl\/wp-content\/uploads\/2022\/02\/274253123_316078353881831_5075392298663989161_n-300x225.jpg\" width=\"300\" height=\"225\" alt=\"\"\/><span class=\"rl-gallery-caption\"><span class=\"rl-gallery-item-title\">D\u0142onie dzieci wykonuj\u0105cych prac\u0119 plastyczn\u0119.<\/span><\/span><\/a><\/div><div class=\"rl-gallery-item\"><a href=\"https:\/\/gbpgorzyce.pl\/wp-content\/uploads\/2022\/02\/274325051_486878183048500_240197475793768088_n.jpg\" title=\"\" data-rl_title=\"\" class=\"rl-gallery-link\" data-rl_caption=\"\" data-rel=\"lightbox-gallery-1\"><img loading=\"lazy\" decoding=\"async\" src=\"https:\/\/gbpgorzyce.pl\/wp-content\/uploads\/2022\/02\/274325051_486878183048500_240197475793768088_n-225x300.jpg\" width=\"225\" height=\"300\" alt=\"\"\/><span class=\"rl-gallery-caption\"><span class=\"rl-gallery-item-title\">Dwoje dzieci przy stoliku podczas wykonywania pracy plastycznej.<\/span><\/span><\/a><\/div> <\/div> <\/div><\/code><\/p>\n","protected":false},"excerpt":{"rendered":"<p>Wszystko zawsze zaczyna si\u0119 od ksi\u0105\u017cki, a w tym przypadku r\u00f3wnie\u017c ko\u0144czy. Tw\u00f3rcy filmu &#8222;Kraina Lodu&#8221; zainspirowani ba\u015bni\u0105 &#8222;Kr\u00f3lowa \u015aniegu&#8221; Hansa Christiana Andersena, stworzyli tak wspania\u0142y obraz, \u017ce rynek wydawniczy szybko &#8222;upomnia\u0142 si\u0119&#8221; o opracowanie ksi\u0105\u017ckowe nawi\u0105zuj\u0105ce do filmu. &#8222;Olaf czeka na wiosn\u0119&#8221; jest jedn\u0105 z wielu czytanek, jakie znajdziecie w naszej Wypo\u017cyczalni na p\u00f3\u0142ce [&hellip;]<\/p>\n","protected":false},"author":5,"featured_media":3962,"comment_status":"closed","ping_status":"closed","sticky":false,"template":"","format":"standard","meta":{"footnotes":""},"categories":[1],"tags":[],"class_list":["post-3972","post","type-post","status-publish","format-standard","has-post-thumbnail","hentry","category-aktualnosci"],"_links":{"self":[{"href":"https:\/\/gbpgorzyce.pl\/index.php?rest_route=\/wp\/v2\/posts\/3972","targetHints":{"allow":["GET"]}}],"collection":[{"href":"https:\/\/gbpgorzyce.pl\/index.php?rest_route=\/wp\/v2\/posts"}],"about":[{"href":"https:\/\/gbpgorzyce.pl\/index.php?rest_route=\/wp\/v2\/types\/post"}],"author":[{"embeddable":true,"href":"https:\/\/gbpgorzyce.pl\/index.php?rest_route=\/wp\/v2\/users\/5"}],"replies":[{"embeddable":true,"href":"https:\/\/gbpgorzyce.pl\/index.php?rest_route=%2Fwp%2Fv2%2Fcomments&post=3972"}],"version-history":[{"count":1,"href":"https:\/\/gbpgorzyce.pl\/index.php?rest_route=\/wp\/v2\/posts\/3972\/revisions"}],"predecessor-version":[{"id":3973,"href":"https:\/\/gbpgorzyce.pl\/index.php?rest_route=\/wp\/v2\/posts\/3972\/revisions\/3973"}],"wp:featuredmedia":[{"embeddable":true,"href":"https:\/\/gbpgorzyce.pl\/index.php?rest_route=\/wp\/v2\/media\/3962"}],"wp:attachment":[{"href":"https:\/\/gbpgorzyce.pl\/index.php?rest_route=%2Fwp%2Fv2%2Fmedia&parent=3972"}],"wp:term":[{"taxonomy":"category","embeddable":true,"href":"https:\/\/gbpgorzyce.pl\/index.php?rest_route=%2Fwp%2Fv2%2Fcategories&post=3972"},{"taxonomy":"post_tag","embeddable":true,"href":"https:\/\/gbpgorzyce.pl\/index.php?rest_route=%2Fwp%2Fv2%2Ftags&post=3972"}],"curies":[{"name":"wp","href":"https:\/\/api.w.org\/{rel}","templated":true}]}}