{"id":3425,"date":"2021-05-25T16:42:41","date_gmt":"2021-05-25T14:42:41","guid":{"rendered":"http:\/\/gbpgorzyce.pl\/?p=3425"},"modified":"2021-05-25T16:44:36","modified_gmt":"2021-05-25T14:44:36","slug":"kanapa-literacka-2","status":"publish","type":"post","link":"https:\/\/gbpgorzyce.pl\/?p=3425","title":{"rendered":"Kanapa Literacka"},"content":{"rendered":"\n<p>Na kolejnej Kanapie Literackiej go\u015bcili\u015bmy mieszka\u0144ca Gorzyc, poet\u0119 Huberta Nowosielskiego. Ten m\u0142ody, utalentowany cz\u0142owiek jest uczniem Zespo\u0142u Szk\u00f3\u0142 im. por. J. Sarny w Gorzycach. <\/p>\n\n\n\n<p>&#8222;Dusza artystyczna i indywidualista&#8221; &#8211; tak Huberta Nowosielskiego opisuje na \u0142amach &#8222;Echa Dnia&#8221; pani Magdalena Motas-Korzonek, jego nauczycielka j\u0119zyka polskiego.  <\/p>\n\n\n\n<p>Pisanie wierszy jest dla m\u0142odego tw\u00f3rcy rodzajem terapii. Sam przyznaje, \u017ce pisze, gdy czuje, \u017ce nie radzi sobie z emocjami. W\u015br\u00f3d wierszy Huberta s\u0105 r\u00f3wnie\u017c utwory o tematyce mi\u0142osnej, przepe\u0142nione rado\u015bci\u0105 i szcz\u0119\u015bciem. Poeta marzy o ty, by wyda\u0107 tomik swoich wierszy.<\/p>\n\n\n\n<figure class=\"wp-block-embed is-type-video is-provider-youtube wp-block-embed-youtube wp-embed-aspect-16-9 wp-has-aspect-ratio\"><div class=\"wp-block-embed__wrapper\">\n<iframe loading=\"lazy\" title=\"Kanapa...Literacka\" width=\"1140\" height=\"641\" src=\"https:\/\/www.youtube.com\/embed\/_CbSIr_rl-8?feature=oembed\" frameborder=\"0\" allow=\"accelerometer; autoplay; clipboard-write; encrypted-media; gyroscope; picture-in-picture\" allowfullscreen><\/iframe>\n<\/div><\/figure>\n\n\n\n<p><\/p>\n\n\n\n<p> <\/p>\n","protected":false},"excerpt":{"rendered":"<p>Na kolejnej Kanapie Literackiej go\u015bcili\u015bmy mieszka\u0144ca Gorzyc, poet\u0119 Huberta Nowosielskiego. Ten m\u0142ody, utalentowany cz\u0142owiek jest uczniem Zespo\u0142u Szk\u00f3\u0142 im. por. J. Sarny w Gorzycach. &#8222;Dusza artystyczna i indywidualista&#8221; &#8211; tak Huberta Nowosielskiego opisuje na \u0142amach &#8222;Echa Dnia&#8221; pani Magdalena Motas-Korzonek, jego nauczycielka j\u0119zyka polskiego. Pisanie wierszy jest dla m\u0142odego tw\u00f3rcy rodzajem terapii. Sam przyznaje, \u017ce [&hellip;]<\/p>\n","protected":false},"author":5,"featured_media":3426,"comment_status":"closed","ping_status":"closed","sticky":false,"template":"","format":"standard","meta":{"footnotes":""},"categories":[1],"tags":[],"class_list":["post-3425","post","type-post","status-publish","format-standard","has-post-thumbnail","hentry","category-aktualnosci"],"_links":{"self":[{"href":"https:\/\/gbpgorzyce.pl\/index.php?rest_route=\/wp\/v2\/posts\/3425","targetHints":{"allow":["GET"]}}],"collection":[{"href":"https:\/\/gbpgorzyce.pl\/index.php?rest_route=\/wp\/v2\/posts"}],"about":[{"href":"https:\/\/gbpgorzyce.pl\/index.php?rest_route=\/wp\/v2\/types\/post"}],"author":[{"embeddable":true,"href":"https:\/\/gbpgorzyce.pl\/index.php?rest_route=\/wp\/v2\/users\/5"}],"replies":[{"embeddable":true,"href":"https:\/\/gbpgorzyce.pl\/index.php?rest_route=%2Fwp%2Fv2%2Fcomments&post=3425"}],"version-history":[{"count":1,"href":"https:\/\/gbpgorzyce.pl\/index.php?rest_route=\/wp\/v2\/posts\/3425\/revisions"}],"predecessor-version":[{"id":3427,"href":"https:\/\/gbpgorzyce.pl\/index.php?rest_route=\/wp\/v2\/posts\/3425\/revisions\/3427"}],"wp:featuredmedia":[{"embeddable":true,"href":"https:\/\/gbpgorzyce.pl\/index.php?rest_route=\/wp\/v2\/media\/3426"}],"wp:attachment":[{"href":"https:\/\/gbpgorzyce.pl\/index.php?rest_route=%2Fwp%2Fv2%2Fmedia&parent=3425"}],"wp:term":[{"taxonomy":"category","embeddable":true,"href":"https:\/\/gbpgorzyce.pl\/index.php?rest_route=%2Fwp%2Fv2%2Fcategories&post=3425"},{"taxonomy":"post_tag","embeddable":true,"href":"https:\/\/gbpgorzyce.pl\/index.php?rest_route=%2Fwp%2Fv2%2Ftags&post=3425"}],"curies":[{"name":"wp","href":"https:\/\/api.w.org\/{rel}","templated":true}]}}